{"id":506,"date":"2022-08-01T13:14:00","date_gmt":"2022-08-01T11:14:00","guid":{"rendered":"https:\/\/kitdigital.btactic.com\/2022\/08\/01\/oberta-la-segona-convocatoria-per-sollicitar-el-kit-digital-segment-ii-entre-3-i-menys-de-10-empleats\/"},"modified":"2022-09-05T09:53:47","modified_gmt":"2022-09-05T07:53:47","slug":"oberta-la-segona-convocatoria-per-sollicitar-el-kit-digital-segment-ii-entre-3-i-menys-de-10-empleats","status":"publish","type":"post","link":"https:\/\/kitdigital.btactic.com\/ca\/2022\/08\/01\/oberta-la-segona-convocatoria-per-sollicitar-el-kit-digital-segment-ii-entre-3-i-menys-de-10-empleats\/","title":{"rendered":"Oberta la segona convocat\u00f2ria per sol\u00b7licitar el Kit Digital &#8211; Segment II (entre 3 i menys de 10 empleats)"},"content":{"rendered":"[et_pb_section fb_built=&#8221;1&#8243; admin_label=&#8221;section&#8221; _builder_version=&#8221;4.16&#8243; global_colors_info=&#8221;{}&#8221;][et_pb_row admin_label=&#8221;row&#8221; _builder_version=&#8221;4.16&#8243; background_size=&#8221;initial&#8221; background_position=&#8221;top_left&#8221; background_repeat=&#8221;repeat&#8221; global_colors_info=&#8221;{}&#8221;][et_pb_column type=&#8221;4_4&#8243; _builder_version=&#8221;4.16&#8243; custom_padding=&#8221;|||&#8221; global_colors_info=&#8221;{}&#8221; custom_padding__hover=&#8221;|||&#8221;][et_pb_text admin_label=&#8221;Text&#8221; _builder_version=&#8221;4.18.0&#8243; background_size=&#8221;initial&#8221; background_position=&#8221;top_left&#8221; background_repeat=&#8221;repeat&#8221; global_colors_info=&#8221;{}&#8221; custom_margin=&#8221;|||1px||&#8221;]<p>El 29 de juliol passat es va publicar la segona convocat\u00f2ria per poder accedir al segment II del Kit Digital, per a empreses d&#8217;entre 3 i menys de 10 empleats, segons la mitjana anual declarada el 2021.<\/p>\n<p>A partir del 2 de setembre, a les 11 hores, es podr\u00e0 sol\u00b7licitar el bo digital, al seg\u00fcent enlla\u00e7:<\/p>\n<p><\/p>\n<p class=\"has-text-align-center\"><a href=\"https:\/\/sede.red.gob.es\/es\/procedimientos\/convocatoria-de-ayudas-destinadas-la-digitalizacion-de-empresas-del-segmento-ii\" target=\"_blank\" rel=\"noreferrer noopener\">https:\/\/sede.red.gob.es\/es\/procedimientos\/convocatoria-de-ayudas-destinadas-la-digitalizacion-de-empresas-del-segmento-ii<\/a><\/p>\n<p>Per poder sol\u00b7licitar el bo digital, pr\u00e8viament cal emplenar el test d&#8217;autodiagn\u00f2stic digital, que es pot fer en menys de dos minuts en aquesta web:<\/p>\n<p><\/p>\n<p class=\"has-text-align-center\"><a href=\"https:\/\/www.acelerapyme.gob.es\/quieres-conocer-el-grado-de-digitalizacion-de-tu-pyme\">https:\/\/www.acelerapyme.gob.es\/quieres-conocer-el-grado-de-digitalizacion-de-tu-pyme<\/a><\/p>\n<p><\/p>\n<p>Un cop completat, es pot iniciar el registre, que acaba el 2 de setembre de 2023<\/p>\n<p>Podeu consultar els nostres manuals per completar el test d&#8217;autodiagn\u00f2stic en aquests enlla\u00e7os:<\/p>\n<p><\/p>\n<p class=\"has-text-align-center\"><a href=\"https:\/\/intranet.btactic.net\/index.php\/s\/TQ2AqyindF8DQqn\">https:\/\/intranet.btactic.net\/index.php\/s\/TQ2AqyindF8DQqn<\/a><\/p>\n<p><\/p>\n<p class=\"has-text-align-center\"><a href=\"https:\/\/intranet.btactic.net\/index.php\/s\/CGiTa4rQPoDrxLA\">https:\/\/intranet.btactic.net\/index.php\/s\/CGiTa4rQPoDrxLA<\/a><\/p>\n<p class=\"has-text-align-center\">Tamb\u00e9 tenim disponible un manual per a la sol\u00b7licitud del Kit Digital:<\/p>\n<p><a href=\"https:\/\/intranet.btactic.net\/index.php\/s\/8JCyY7QJAkLYGTA\">https:\/\/intranet.btactic.net\/index.php\/s\/8JCyY7QJAkLYGTA<\/a><\/p>\n<p><\/p>[\/et_pb_text][\/et_pb_column][\/et_pb_row][et_pb_row column_structure=&#8221;2_3,1_3&#8243; admin_label=&#8221;Contacte&#8221; _builder_version=&#8221;4.16&#8243; saved_tabs=&#8221;all&#8221; global_colors_info=&#8221;{}&#8221; custom_padding=&#8221;27px|||||&#8221;][et_pb_column type=&#8221;2_3&#8243; _builder_version=&#8221;4.16&#8243; custom_padding=&#8221;|||&#8221; global_colors_info=&#8221;{}&#8221; custom_padding__hover=&#8221;|||&#8221;][et_pb_contact_form use_spam_service=&#8221;on&#8221; recaptcha_list=&#8221;btacticlleida@gmailcom|btacticlleida@gmailcom-0&#8243; email=&#8221;kitdigital@btactic.com&#8221; title=&#8221;Sol\u00b7licitar m\u00e9s informaci\u00f3&#8221; success_message=&#8221;Gr\u00e0cies pel vostre contacte, en breu respondrem la vostra consulta.&#8221; submit_button_text=&#8221;Enviar&#8221; module_id=&#8221;et_pb_contact_form_0&#8243; _builder_version=&#8221;4.17.6&#8243; _unique_id=&#8221;a3df8500-4c57-4443-99eb-64f30d95a455&#8243; form_field_background_color=&#8221;rgba(0,0,0,0)&#8221; title_level=&#8221;h2&#8243; title_font=&#8221;Share Tech||||||||&#8221; title_text_align=&#8221;center&#8221; title_font_size=&#8221;50px&#8221; title_line_height=&#8221;1.2em&#8221; form_field_font=&#8221;Open Sans|700|||||||&#8221; form_field_letter_spacing=&#8221;2px&#8221; form_field_line_height=&#8221;1.8em&#8221; custom_button=&#8221;on&#8221; button_text_size=&#8221;15px&#8221; button_text_color=&#8221;#ffffff&#8221; button_bg_color=&#8221;#ffa727&#8243; button_border_width=&#8221;10px&#8221; button_border_color=&#8221;#ffa727&#8243; button_border_radius=&#8221;100px&#8221; button_letter_spacing=&#8221;5px&#8221; button_font=&#8221;Open Sans|700||on|||||&#8221; button_use_icon=&#8221;off&#8221; button_text_size_last_edited=&#8221;off|desktop&#8221; border_color_all=&#8221;rgba(0,0,0,0.1)&#8221; border_width_bottom=&#8221;2px&#8221; form_background_color=&#8221;rgba(0,0,0,0)&#8221; locked=&#8221;off&#8221; global_colors_info=&#8221;{}&#8221;][et_pb_contact_field field_id=&#8221;Nombre_apellidos&#8221; field_title=&#8221;Nom i cognoms*&#8221; _builder_version=&#8221;4.16&#8243; global_colors_info=&#8221;{}&#8221; button_text_size__hover_enabled=&#8221;off&#8221; button_one_text_size__hover_enabled=&#8221;off&#8221; button_two_text_size__hover_enabled=&#8221;off&#8221; button_text_color__hover_enabled=&#8221;off&#8221; button_one_text_color__hover_enabled=&#8221;off&#8221; button_two_text_color__hover_enabled=&#8221;off&#8221; button_border_width__hover_enabled=&#8221;off&#8221; button_one_border_width__hover_enabled=&#8221;off&#8221; button_two_border_width__hover_enabled=&#8221;off&#8221; button_border_color__hover_enabled=&#8221;off&#8221; button_one_border_color__hover_enabled=&#8221;off&#8221; button_two_border_color__hover_enabled=&#8221;off&#8221; button_border_radius__hover_enabled=&#8221;off&#8221; button_one_border_radius__hover_enabled=&#8221;off&#8221; button_two_border_radius__hover_enabled=&#8221;off&#8221; button_letter_spacing__hover_enabled=&#8221;off&#8221; button_one_letter_spacing__hover_enabled=&#8221;off&#8221; button_two_letter_spacing__hover_enabled=&#8221;off&#8221; button_bg_color__hover_enabled=&#8221;off&#8221; button_one_bg_color__hover_enabled=&#8221;off&#8221; button_two_bg_color__hover_enabled=&#8221;off&#8221;][\/et_pb_contact_field][et_pb_contact_field field_id=&#8221;Empresa&#8221; field_title=&#8221;Empresa*&#8221; _builder_version=&#8221;4.17.6&#8243; global_colors_info=&#8221;{}&#8221; button_text_size__hover_enabled=&#8221;off&#8221; button_one_text_size__hover_enabled=&#8221;off&#8221; button_two_text_size__hover_enabled=&#8221;off&#8221; button_text_color__hover_enabled=&#8221;off&#8221; button_one_text_color__hover_enabled=&#8221;off&#8221; button_two_text_color__hover_enabled=&#8221;off&#8221; button_border_width__hover_enabled=&#8221;off&#8221; button_one_border_width__hover_enabled=&#8221;off&#8221; button_two_border_width__hover_enabled=&#8221;off&#8221; button_border_color__hover_enabled=&#8221;off&#8221; button_one_border_color__hover_enabled=&#8221;off&#8221; button_two_border_color__hover_enabled=&#8221;off&#8221; button_border_radius__hover_enabled=&#8221;off&#8221; button_one_border_radius__hover_enabled=&#8221;off&#8221; button_two_border_radius__hover_enabled=&#8221;off&#8221; button_letter_spacing__hover_enabled=&#8221;off&#8221; button_one_letter_spacing__hover_enabled=&#8221;off&#8221; button_two_letter_spacing__hover_enabled=&#8221;off&#8221; button_bg_color__hover_enabled=&#8221;off&#8221; button_one_bg_color__hover_enabled=&#8221;off&#8221; button_two_bg_color__hover_enabled=&#8221;off&#8221;][\/et_pb_contact_field][et_pb_contact_field field_id=&#8221;Correo_electronico&#8221; field_title=&#8221;Correu Electr\u00f2nic*&#8221; field_type=&#8221;email&#8221; _builder_version=&#8221;4.16&#8243; global_colors_info=&#8221;{}&#8221; button_text_size__hover_enabled=&#8221;off&#8221; button_one_text_size__hover_enabled=&#8221;off&#8221; button_two_text_size__hover_enabled=&#8221;off&#8221; button_text_color__hover_enabled=&#8221;off&#8221; button_one_text_color__hover_enabled=&#8221;off&#8221; button_two_text_color__hover_enabled=&#8221;off&#8221; button_border_width__hover_enabled=&#8221;off&#8221; button_one_border_width__hover_enabled=&#8221;off&#8221; button_two_border_width__hover_enabled=&#8221;off&#8221; button_border_color__hover_enabled=&#8221;off&#8221; button_one_border_color__hover_enabled=&#8221;off&#8221; button_two_border_color__hover_enabled=&#8221;off&#8221; button_border_radius__hover_enabled=&#8221;off&#8221; button_one_border_radius__hover_enabled=&#8221;off&#8221; button_two_border_radius__hover_enabled=&#8221;off&#8221; button_letter_spacing__hover_enabled=&#8221;off&#8221; button_one_letter_spacing__hover_enabled=&#8221;off&#8221; button_two_letter_spacing__hover_enabled=&#8221;off&#8221; button_bg_color__hover_enabled=&#8221;off&#8221; button_one_bg_color__hover_enabled=&#8221;off&#8221; button_two_bg_color__hover_enabled=&#8221;off&#8221;][\/et_pb_contact_field][et_pb_contact_field field_id=&#8221;Poblaci\u00f3n&#8221; field_title=&#8221;Poblaci\u00f3&#8221; _builder_version=&#8221;4.16&#8243; global_colors_info=&#8221;{}&#8221; button_text_size__hover_enabled=&#8221;off&#8221; button_one_text_size__hover_enabled=&#8221;off&#8221; button_two_text_size__hover_enabled=&#8221;off&#8221; button_text_color__hover_enabled=&#8221;off&#8221; button_one_text_color__hover_enabled=&#8221;off&#8221; button_two_text_color__hover_enabled=&#8221;off&#8221; button_border_width__hover_enabled=&#8221;off&#8221; button_one_border_width__hover_enabled=&#8221;off&#8221; button_two_border_width__hover_enabled=&#8221;off&#8221; button_border_color__hover_enabled=&#8221;off&#8221; button_one_border_color__hover_enabled=&#8221;off&#8221; button_two_border_color__hover_enabled=&#8221;off&#8221; button_border_radius__hover_enabled=&#8221;off&#8221; button_one_border_radius__hover_enabled=&#8221;off&#8221; button_two_border_radius__hover_enabled=&#8221;off&#8221; button_letter_spacing__hover_enabled=&#8221;off&#8221; button_one_letter_spacing__hover_enabled=&#8221;off&#8221; button_two_letter_spacing__hover_enabled=&#8221;off&#8221; button_bg_color__hover_enabled=&#8221;off&#8221; button_one_bg_color__hover_enabled=&#8221;off&#8221; button_two_bg_color__hover_enabled=&#8221;off&#8221;][\/et_pb_contact_field][et_pb_contact_field field_id=&#8221;empleados&#8221; field_title=&#8221;Quants empleats t\u00e9 la vostra empresa?&#8221; field_type=&#8221;select&#8221; select_options=&#8221;%91{%22value%22:%221-2%22,%22checked%22:0,%22dragID%22:-1},{%22value%22:%223-9%22,%22checked%22:0,%22dragID%22:0},{%22value%22:%2210-49%22,%22checked%22:0,%22dragID%22:1}%93&#8243; fullwidth_field=&#8221;on&#8221; _builder_version=&#8221;4.16&#8243; _module_preset=&#8221;default&#8221; global_colors_info=&#8221;{}&#8221;][\/et_pb_contact_field][et_pb_contact_field field_id=&#8221;Soluciones&#8221; field_title=&#8221;Quines solucions digitals creieu que necessiteu la vostra empresa?&#8221; field_type=&#8221;checkbox&#8221; checkbox_options=&#8221;%91{%22value%22:%22Lloc Web i Pres\u00e8ncia a Internet%22,%22checked%22:0,%22dragID%22:-1},{%22value%22:%22Comer\u00e7 Electr\u00f2nic%22,%22checked%22:0,%22dragID%22:0},{%22value%22:%22Gesti\u00f3 de Clients%22,%22checked%22:0,%22dragID%22:1},{%22value%22:%22Gesti\u00f3 de Processos%22,%22checked%22:0,%22dragID%22:2},{%22value%22:%22Serveis i eines d&#8217;Oficina Virtual%22,%22checked%22:0,%22dragID%22:3},{%22value%22:%22Ciberseguretat%22,%22checked%22:0,%22dragID%22:4}%93&#8243; fullwidth_field=&#8221;on&#8221; _builder_version=&#8221;4.16&#8243; _module_preset=&#8221;default&#8221; global_colors_info=&#8221;{}&#8221;][\/et_pb_contact_field][et_pb_contact_field field_id=&#8221;Observaciones&#8221; field_title=&#8221;Observacions&#8221; field_type=&#8221;text&#8221; required_mark=&#8221;off&#8221; fullwidth_field=&#8221;on&#8221; _builder_version=&#8221;4.16&#8243; background_color=&#8221;#eaeaea&#8221; background_enable_color=&#8221;on&#8221; global_colors_info=&#8221;{}&#8221; button_text_size__hover_enabled=&#8221;off&#8221; button_one_text_size__hover_enabled=&#8221;off&#8221; button_two_text_size__hover_enabled=&#8221;off&#8221; button_text_color__hover_enabled=&#8221;off&#8221; button_one_text_color__hover_enabled=&#8221;off&#8221; button_two_text_color__hover_enabled=&#8221;off&#8221; button_border_width__hover_enabled=&#8221;off&#8221; button_one_border_width__hover_enabled=&#8221;off&#8221; button_two_border_width__hover_enabled=&#8221;off&#8221; button_border_color__hover_enabled=&#8221;off&#8221; button_one_border_color__hover_enabled=&#8221;off&#8221; button_two_border_color__hover_enabled=&#8221;off&#8221; button_border_radius__hover_enabled=&#8221;off&#8221; button_one_border_radius__hover_enabled=&#8221;off&#8221; button_two_border_radius__hover_enabled=&#8221;off&#8221; button_letter_spacing__hover_enabled=&#8221;off&#8221; button_one_letter_spacing__hover_enabled=&#8221;off&#8221; button_two_letter_spacing__hover_enabled=&#8221;off&#8221; button_bg_color__hover_enabled=&#8221;off&#8221; button_one_bg_color__hover_enabled=&#8221;off&#8221; button_two_bg_color__hover_enabled=&#8221;off&#8221;][\/et_pb_contact_field][et_pb_contact_field field_id=&#8221;Condiciones&#8221; field_title=&#8221;Pol\u00edtica de privacitat&#8221; field_type=&#8221;checkbox&#8221; checkbox_options=&#8221;%91{%22value%22:%22%22,%22checked%22:0,%22dragID%22:-1,%22link_url%22:%22https:\/\/kitdigital.btactic.com\/aviso_legal\/%22,%22link_text%22:%22He llegit i accepto la Pol\u00edtica de Privadesa%22}%93&#8243; fullwidth_field=&#8221;on&#8221; _builder_version=&#8221;4.16&#8243; _dynamic_attributes=&#8221;link_option_url&#8221; _module_preset=&#8221;default&#8221; background_color=&#8221;RGBA(255,255,255,0)&#8221; background_enable_color=&#8221;on&#8221; link_option_url=&#8221;@ET-DC@eyJkeW5hbWljIjp0cnVlLCJjb250ZW50IjoicG9zdF9saW5rX3VybF9wYWdlIiwic2V0dGluZ3MiOnsicG9zdF9pZCI6IjMifX0=@&#8221; global_colors_info=&#8221;{}&#8221;][\/et_pb_contact_field][\/et_pb_contact_form][\/et_pb_column][et_pb_column type=&#8221;1_3&#8243; _builder_version=&#8221;4.16&#8243; custom_padding=&#8221;|||&#8221; global_colors_info=&#8221;{}&#8221; custom_padding__hover=&#8221;|||&#8221;][et_pb_toggle title=&#8221;Qu\u00e9 \u00e9s Kit Digital?&#8221; _builder_version=&#8221;4.16&#8243; title_font=&#8221;Share Tech||||||||&#8221; background_color=&#8221;#f1f1f1&#8243; custom_margin=&#8221;||8px|&#8221; custom_padding=&#8221;16px||16px||true&#8221; border_width_all=&#8221;0px&#8221; global_colors_info=&#8221;{}&#8221;]<p style=\"text-align: justify;\">Programa d&#8217;ajudes per a la digitalitzaci\u00f3 de pimes i aut\u00f2noms<\/p>\n<p style=\"text-align: justify;\">Amb un pressupost de 3.067 milions d&#8217;euros, Kit Digital ofereix ajuts de fins a 12.000 \u20ac a fons perdut durant el per\u00edode 20212-2023 per a la implementaci\u00f3 de solucions digitals.<\/p>\n<p style=\"text-align: justify;\">\n<p style=\"text-align: justify;\">El seu objectiu \u00e9s avan\u00e7ar en la transformaci\u00f3 digital de l&#8217;economia i aconseguir un major grau de maduresa digital de l&#8217;entorn empresarial, millorant-ne el potencial i l&#8217;efici\u00e8ncia.<\/p>\n<p style=\"text-align: justify;\">\n<p style=\"text-align: justify;\">Kit Digital \u00e9s un programa de subvencions impulsat pel Govern d&#8217;Espanya i efectuat amb fons del Pla de Recuperaci\u00f3, Transformaci\u00f3 i Resili\u00e8ncia d&#8217;Espanya, finan\u00e7at pel Pla europeu Next Generation EU.<\/p>[\/et_pb_toggle][et_pb_toggle title=&#8221;Lloc Web i Pres\u00e8ncia a Internet&#8221; _builder_version=&#8221;4.16&#8243; title_font=&#8221;Share Tech||||||||&#8221; background_color=&#8221;#f1f1f1&#8243; custom_margin=&#8221;||8px|&#8221; custom_padding=&#8221;16px||16px||true&#8221; border_width_all=&#8221;0px&#8221; global_colors_info=&#8221;{}&#8221;]<div class=\"lc-inline_block_cd64ad28746f73273d316824a310ac02-edit block block-layout-builder block-field-blocknodesolution-packagefield-subtitle\">\n<div class=\"clearfix text-formatted field field--name-field-subtitle field--type-text-long field--label-hidden field__item\">\n<p style=\"text-align: justify;\"><span>El principal objectiu d&#8217;aquesta categoria \u00e9s que puguis tenir una p\u00e0gina web per donar visibilitat a internet.<\/span><\/p>\n<\/div>\n<\/div>\n<div class=\"lc-inline_block_7cef724adecd853060d694955712d755-edit block block-layout-builder block-field-blocknodesolution-packagebody\">\n<div class=\"clearfix text-formatted field field--name-body field--type-text-with-summary field--label-hidden field__item\">\n<h4 class=\"h2_title_underlined\" style=\"text-align: justify;\">Funcionalitats i serveis<\/h4>\n<div>\n<ul>\n<li class=\"paragraph\" style=\"text-align: justify;\">\n<p><span><strong>Domini:<\/strong> la soluci\u00f3 inclou el domini de la teva web durant un termini m\u00ednim de dotze mesos. La titularitat del domini ser\u00e0 teva del tot.<\/span><\/p>\n<\/li>\n<li class=\"paragraph\" style=\"text-align: justify;\">\n<p><span><strong>Hosting:<\/strong> tamb\u00e9 tindreu a la vostra disposici\u00f3 l&#8217;allotjament de la p\u00e0gina web durant un termini m\u00ednim de dotze mesos. <\/span><\/p>\n<\/li>\n<li class=\"paragraph\" style=\"text-align: justify;\">\n<p><span><strong>Disseny de la p\u00e0gina web: com<\/strong> a part del servei tindr\u00e0s l&#8217;estructura de la web, amb un m\u00ednim de 3 apartats. Es consideren p\u00e0gines o apartats d&#8217;una web, elements com ara: p\u00e0gina d&#8217;inici (Landing Page), presentaci\u00f3 de l&#8217;empresa, formulari de contacte, descripci\u00f3 de productes, dades de contacte, mapa del lloc (sitemap), etc.<\/span><\/p>\n<\/li>\n<li class=\"paragraph\" style=\"text-align: justify;\">\n<p><span><strong>Web responsive:<\/strong> la teva web s\u02bbadaptar\u00e0 perfectament a qualsevol tipus de dispositiu. <\/span><\/p>\n<\/li>\n<li class=\"paragraph\" style=\"text-align: justify;\">\n<p><span><strong>Accessibilitat:<\/strong> el disseny de la teva web complir\u00e0 els criteris de conformitat de nivell AA de les Pautes WCAG-2.1. <\/span><\/p>\n<\/li>\n<li class=\"paragraph\" style=\"text-align: justify;\">\n<p><span><strong>Posicionament b\u00e0sic en internet:<\/strong>la informaci\u00f3 de la teva pime ser\u00e0 indexable pels principals motors de cerca (On-Page).<\/span><\/p>\n<\/li>\n<li class=\"paragraph\" style=\"text-align: justify;\">\n<p><span><strong>Autogestionable:<\/strong> disposar\u00e0s tamb\u00e9 d&#8217;una plataforma de gesti\u00f3 de continguts perqu\u00e8 puguis modificar els continguts de la teva web sense ajuda.<\/span><\/p>\n<\/li>\n<li>\n<p style=\"text-align: justify;\"><span><strong>Optimitzaci\u00f3 de la pres\u00e8ncia en cercadors (SEO b\u00e0sic): <\/strong>An\u00e0lisi de paraules clau, SEO On-Page de 2 p\u00e0gines o apartats, indexaci\u00f3 i jerarquitzaci\u00f3 del contingut.<\/span><\/p>\n<\/li>\n<\/ul>\n<\/div>\n<\/div>\n<\/div>[\/et_pb_toggle][et_pb_toggle title=&#8221;Comer\u00e7 electr\u00f2nic&#8221; _builder_version=&#8221;4.16&#8243; title_font=&#8221;Share Tech||||||||&#8221; background_color=&#8221;#f1f1f1&#8243; custom_margin=&#8221;||8px|&#8221; custom_padding=&#8221;16px||16px||true&#8221; border_width_all=&#8221;0px&#8221; global_colors_info=&#8221;{}&#8221;]<div class=\"lc-inline_block_cd64ad28746f73273d316824a310ac02-edit block block-layout-builder block-field-blocknodesolution-packagefield-subtitle\">\n<div class=\"clearfix text-formatted field field--name-field-subtitle field--type-text-long field--label-hidden field__item\">\n<p style=\"text-align: justify;\"><span>El principal objectiu de la categoria \u00e9s crear la teva p\u00e0gina web de compravenda de productes i\/o serveis que utilitzi mitjans digitals per al seu intercanvi. A m\u00e9s de donar visibilitat a la teva marca, disposar\u00e0s d&#8217;un e-commerce o botiga en l\u00ednia.<\/span><\/p>\n<\/div>\n<\/div>\n<div class=\"lc-inline_block_7cef724adecd853060d694955712d755-edit block block-layout-builder block-field-blocknodesolution-packagebody\">\n<div class=\"clearfix text-formatted field field--name-body field--type-text-with-summary field--label-hidden field__item\">\n<h4 class=\"h2_title_underlined\" style=\"text-align: justify;\">Funcionalitats i serveis<\/h4>\n<div>\n<ul>\n<li style=\"text-align: justify;\">\n<p><span><strong>Creaci\u00f3 de la botiga en l\u00ednia o E-Commerce i alta del cat\u00e0leg de productes:<\/strong> tindr\u00e0s a la teva disposici\u00f3 un cat\u00e0leg a la teva botiga online, on estaran disponibles els teus productes, mitjan\u00e7ant la seva alta, importaci\u00f3 o c\u00e0rrega. La soluci\u00f3 inclou la c\u00e0rrega d&#8217;almenys 100 refer\u00e8ncies dels teus productes, llevat que no disposis d&#8217;aquest n\u00famero, i en aquest cas podr\u00e0 ser menor.<\/span><\/p>\n<\/li>\n<li style=\"text-align: justify;\">\n<p><span><strong>M\u00e8todes de pagament:<\/strong>l&#8217;agent digitalitzador que hagis seleccionat configurar\u00e0 i integrar\u00e0 els m\u00e8todes de pagament a la teva botiga en l\u00ednia.<strong><\/strong><\/span><\/p>\n<\/li>\n<li style=\"text-align: justify;\">\n<p><span><strong>Disseny Responsive: <\/strong>el teu E-Commerce es podr\u00e0 fer servir en tot tipus de dispositius. <\/span><\/p>\n<\/li>\n<li style=\"text-align: justify;\">\n<p><span><strong>Accesibilidad: <\/strong>el disseny de la teva botiga en l\u00ednia complir\u00e0 amb els criteris de conformitat de nivell AA de les Pautes WCAG-2.1. <\/span><\/p>\n<\/li>\n<li style=\"text-align: justify;\">\n<p><span><strong>Posicionament b\u00e0sic en internet:<\/strong>la teva botiga en l\u00ednia ser\u00e0 indexable pels principals motors de cerca (On-Page).<\/span><\/p>\n<\/li>\n<li class=\"paragraph\" style=\"text-align: justify;\">\n<p><span><strong>Autogestionable<\/strong>: comptar\u00e0s tamb\u00e9 amb una plataforma de gesti\u00f3 de continguts perqu\u00e8 puguis modificar els continguts de la teva web sense necessitat dajuda.<\/span><\/p>\n<\/li>\n<li>\n<p style=\"text-align: justify;\"><span><strong>Formes d&#8217;enviament:<\/strong> tindr\u00e0s configurats i integrats els m\u00e8todes d&#8217;enviament digital i f\u00edsic dels productes de la teva botiga en l\u00ednia.<\/span><\/p>\n<\/li>\n<\/ul>\n<\/div>\n<\/div>\n<\/div>[\/et_pb_toggle][et_pb_toggle title=&#8221;Gesti\u00f3 de clients&#8221; _builder_version=&#8221;4.16&#8243; title_font=&#8221;Share Tech||||||||&#8221; background_color=&#8221;#f1f1f1&#8243; custom_margin=&#8221;||8px|&#8221; custom_padding=&#8221;16px||16px||true&#8221; border_width_all=&#8221;0px&#8221; global_colors_info=&#8221;{}&#8221;]<div class=\"lc-inline_block_cd64ad28746f73273d316824a310ac02-edit block block-layout-builder block-field-blocknodesolution-packagefield-subtitle\">\n<div class=\"clearfix text-formatted field field--name-field-subtitle field--type-text-long field--label-hidden field__item\">\n<p style=\"text-align: justify;\"><span>El principal objectiu daquesta categoria \u00e9s digitalitzar i optimitzar la gesti\u00f3 de les relacions comercials amb els teus clients.<\/span><\/p>\n<\/div>\n<\/div>\n<div class=\"lc-inline_block_7cef724adecd853060d694955712d755-edit block block-layout-builder block-field-blocknodesolution-packagebody\">\n<div class=\"clearfix text-formatted field field--name-body field--type-text-with-summary field--label-hidden field__item\">\n<h4 class=\"h2_title_underlined\" style=\"text-align: justify;\">Funcionalitats i serveis<\/h4>\n<div>\n<ul>\n<li style=\"text-align: justify;\">\n<p><span><strong>Gesti\u00f3 de clients<\/strong>: ser\u00e0s capa\u00e7 d&#8217;emmagatzemar i consultar les dades de cadascun dels teus clients, des de la seva alta com a oportunitat de negoci, i simular la compra de productes o la contractaci\u00f3 de serveis.<\/span><\/p>\n<\/li>\n<li class=\"paragraph\" style=\"text-align: justify;\">\n<p><span><strong>Gesti\u00f3 de Clients potencials (Leads): <\/strong>podr\u00e0s donar d&#8217;alta nous Leads manualment o mitjan\u00e7ant una importaci\u00f3 per fitxer. Les dades associades als Leads et permetran la gesti\u00f3 comercial amb l&#8217;objectiu de convertir-les en clients. Addicionalment podreu parametritzar regles de negoci per a l&#8217;assignaci\u00f3 de Leads segons diferents criteris.<\/span><\/p>\n<\/li>\n<li class=\"paragraph\" style=\"text-align: justify;\">\n<p><span><strong>Gesti\u00f3 d&#8217;oportunitats: <\/strong>tindreu la possibilitat de gestionar totes les oportunitats de negoci que comportin l&#8217;enviament al client potencial o Lead d&#8217;ofertes i pressupostos. A m\u00e9s, podreu comprovar l&#8217;estat de cada oportunitat (en an\u00e0lisi, oferta presentada, en negociaci\u00f3, guanyades, cancel\u00b7lades, etc.). <\/span><\/p>\n<\/li>\n<li class=\"paragraph\" style=\"text-align: justify;\">\n<p><span><strong>Accions o tasques comercials: <\/strong>l&#8217;eina implantada per l&#8217;agent digitalitzador de la vostra elecci\u00f3 us permetr\u00e0 crear accions i tasques comercials, tant de forma manual com autom\u00e0tica.<\/span><\/p>\n<\/li>\n<li class=\"paragraph\" style=\"text-align: justify;\">\n<p><span><strong>Reporting, planificaci\u00f3 i seguiment comercial: <\/strong>podr\u00e0s fer seguiment mitjan\u00e7ant indicadors (KPI\u00b4s), llistat d&#8217;oportunitats, i altres, amb diferents nivells d&#8217;agregaci\u00f3 d&#8217;informaci\u00f3 en funci\u00f3 de les teves necessitats. Podr\u00e0s tamb\u00e9 generar informes per al seguiment i monitoritzaci\u00f3 de la teva activitat comercial, contemplant r\u00e0tios d&#8217;efici\u00e8ncia, estat de fases, pipeline i altres atributs mesurables (com a productes, cotitzacions, etc.), i segons els canals, perfils, rols i\/o fases comercials. Aquests informes podran mostrar, almenys, dades mensuals, acumulades i\/o comparatives entre diferents exercicis comercials.<\/span><\/p>\n<\/li>\n<li class=\"paragraph\" style=\"text-align: justify;\">\n<p><span><strong>Alertes: <\/strong>ser\u00e0s capa\u00e7 de visualitzar Alertes de Clients en format gr\u00e0fic de diferent tipologia (icones, missatges emergents, etc.).<\/span><\/p>\n<\/li>\n<li class=\"paragraph\" style=\"text-align: justify;\">\n<p><span><strong>Gesti\u00f3 documental: <\/strong>la soluci\u00f3 inclour\u00e0 un programari per a la gesti\u00f3 centralitzada de la documentaci\u00f3 capa\u00e7 d&#8217;inserir i\/o vincular documents tan relatius a la teva activitat comercial, com els proporcionats pels mateixos clients.<\/span><\/p>\n<\/li>\n<li class=\"paragraph\" style=\"text-align: justify;\">\n<p><span><strong>Disseny Responsive: <\/strong> tindr\u00e0s una interf\u00edcie funcional a tot tipus de dispositius.<\/span><\/p>\n<\/li>\n<li class=\"paragraph\">\n<p style=\"text-align: justify;\"><span><strong>Integraci\u00f3 amb diverses plataformes: <\/strong>disposar\u00e0s d&#8217;APIs o Web Services per a la consolidaci\u00f3 de la informaci\u00f3 i les dades de tota la teva empresa.<\/span><\/p>\n<\/li>\n<\/ul>\n<\/div>\n<\/div>\n<\/div>[\/et_pb_toggle][et_pb_toggle title=&#8221;Gesti\u00f3 de processos&#8221; _builder_version=&#8221;4.16&#8243; title_font=&#8221;Share Tech||||||||&#8221; background_color=&#8221;#f1f1f1&#8243; custom_margin=&#8221;||8px|&#8221; custom_padding=&#8221;16px||16px||true&#8221; border_width_all=&#8221;0px&#8221; global_colors_info=&#8221;{}&#8221;]<div class=\"lc-inline_block_cd64ad28746f73273d316824a310ac02-edit block block-layout-builder block-field-blocknodesolution-packagefield-subtitle\">\n<div class=\"clearfix text-formatted field field--name-field-subtitle field--type-text-long field--label-hidden field__item\">\n<p style=\"text-align: justify;\"><span>L&#8217;objectiu principal d&#8217;aquesta categoria \u00e9s digitalitzar i\/o automatitzar processos del teu negoci, relacionats amb els aspectes operatius o productius.<\/span><\/p>\n<\/div>\n<\/div>\n<div class=\"lc-inline_block_7cef724adecd853060d694955712d755-edit block block-layout-builder block-field-blocknodesolution-packagebody\">\n<div class=\"clearfix text-formatted field field--name-body field--type-text-with-summary field--label-hidden field__item\">\n<h4 class=\"h2_title_underlined\" style=\"text-align: justify;\">Funcionalitats i serveis<\/h4>\n<div>\n<ul>\n<li class=\"paragraph\" style=\"text-align: justify;\">\n<p><span><strong>Digitalitzaci\u00f3 i\/o automatitzaci\u00f3 de processos i fluxos de treball:<\/strong> digitalitzats i\/o automatitzats processos com:<\/span><\/p>\n<ul>\n<li class=\"paragraph\">\n<p><span><strong>Comptabilitat\/finances: <\/strong>comptes per cobrar\/per pagar, gesti\u00f3 d&#8217;actius i generaci\u00f3 de tancaments i balan\u00e7os, etc.<\/span><\/p>\n<\/li>\n<li>\n<p><span><strong>Facturaci\u00f3: <\/strong>automatitzaci\u00f3 dels processos de facturaci\u00f3 amb la generaci\u00f3 de pressupostos, albarans i factures.<\/span><\/p>\n<\/li>\n<li>\n<p><span><strong>Projectes: <\/strong>control de pressupostos, costos, estimacions, optimitzaci\u00f3 dels recursos, etc.<\/span><\/p>\n<\/li>\n<li>\n<p><span><strong>Inventari: <\/strong>previsi\u00f3, nivells d&#8217;estoc, enviaments, distribucions, devolucions i cancel\u00b7lacions, etc.<\/span><\/p>\n<\/li>\n<li>\n<p><span><strong>Compres i pagaments: <\/strong>gesti\u00f3 de comandes de compra i prove\u00efdors.<\/span><\/p>\n<\/li>\n<li>\n<p><span><strong>Recursos humans: <\/strong>gesti\u00f3 dels recursos humans, n\u00f2mines, etc.<\/span><\/p>\n<\/li>\n<li>\n<p><span><strong>Log\u00edstica: <\/strong>gesti\u00f3 de flotes i rutes, entre d&#8217;altres.<strong><\/strong><\/span><\/p>\n<\/li>\n<\/ul>\n<\/li>\n<li style=\"text-align: justify;\">\n<p><span><strong>Integraci\u00f3 amb diverses plataformes: <\/strong>la soluci\u00f3 disposar\u00e0 d&#8217;APIs o Web Services per integrar-les amb altres eines.<\/span><\/p>\n<\/li>\n<li style=\"text-align: justify;\">\n<p><span><strong>Actualizable: <\/strong>accedir\u00e0s <strong>a<\/strong> actualitzacions de la soluci\u00f3 amb noves versions.<\/span><\/p>\n<\/li>\n<li style=\"text-align: justify;\">\n<p><span><strong>Escalable: <\/strong>si tu empresa crece o cambia estructuralmente,<strong> <\/strong>la soluci\u00f3n se adaptar\u00e1 a estos cambios.<\/span><\/p>\n<\/li>\n<li>\n<p style=\"text-align: justify;\"><span><strong>Compliment<\/strong>: si la teva empresa creix o canvia estructuralment, la soluci\u00f3 s&#8217;adaptar\u00e0 a aquests canvis.<\/span><\/p>\n<\/li>\n<\/ul>\n<\/div>\n<\/div>\n<\/div>[\/et_pb_toggle][et_pb_toggle title=&#8221;Serveis i eines d&#8217;Oficina Virtual&#8221; _builder_version=&#8221;4.16&#8243; title_font=&#8221;Share Tech||||||||&#8221; background_color=&#8221;#f1f1f1&#8243; custom_margin=&#8221;||8px|&#8221; custom_padding=&#8221;16px||16px||true&#8221; border_width_all=&#8221;0px&#8221; global_colors_info=&#8221;{}&#8221;]<div class=\"lc-inline_block_cd64ad28746f73273d316824a310ac02-edit block block-layout-builder block-field-blocknodesolution-packagefield-subtitle\">\n<div class=\"clearfix text-formatted field field--name-field-subtitle field--type-text-long field--label-hidden field__item\">\n<p style=\"text-align: justify;\"><span>El principal objectiu d&#8217;aquesta categoria \u00e9s implantar a la teva empresa solucions interactives i funcionals que permetin la col\u00b7laboraci\u00f3 m\u00e9s eficient entre els teus treballadors.<\/span><\/p>\n<\/div>\n<\/div>\n<div class=\"lc-inline_block_7cef724adecd853060d694955712d755-edit block block-layout-builder block-field-blocknodesolution-packagebody\">\n<div class=\"clearfix text-formatted field field--name-body field--type-text-with-summary field--label-hidden field__item\">\n<h4 class=\"h2_title_underlined\" style=\"text-align: justify;\">Funcionalitats i serveis<\/h4>\n<div>\n<ul>\n<li class=\"paragraph\" style=\"text-align: justify;\">\n<p><span><strong>Col\u00b7laboraci\u00f3 en equips de treball:<\/strong> tindr\u00e0s assist\u00e8ncia per part del prove\u00efdor en el proc\u00e9s creatiu d&#8217;ideaci\u00f3 o gesti\u00f3 d&#8217;equips per a la gesti\u00f3 col\u00b7laborativa de projectes, compartir recursos i\/o coneixements, dotar eines per a la interacci\u00f3 dels equips en els processos d&#8217;ideaci\u00f3 o resoluci\u00f3 de problemes, aix\u00ed com la configuraci\u00f3 i personalitzaci\u00f3 de fluxos de treball, tasques, etc.<\/span><\/p>\n<\/li>\n<li class=\"paragraph\" style=\"text-align: justify;\">\n<p><span><strong>Emmagatzemar i compartir fitxers<\/strong>: disposar\u00e0s d&#8217;1 TB d&#8217;emmagatzematge.<\/span><\/p>\n<\/li>\n<li class=\"paragraph\" style=\"text-align: justify;\">\n<p><span><strong>Compatibilitat amb dispositius m\u00f2bils.<\/strong> La vostra soluci\u00f3 ser\u00e0 compatible amb dispositius m\u00f2bils.<\/span><\/p>\n<\/li>\n<li class=\"paragraph\">\n<p style=\"text-align: justify;\"><span><strong>Calendari i agenda:<\/strong> us permetr\u00e0 organitzar un calendari i les vostres tasques previstes.<\/span><\/p>\n<\/li>\n<\/ul>\n<\/div>\n<\/div>\n<\/div>[\/et_pb_toggle][et_pb_toggle title=&#8221;Ciberseguretat&#8221; _builder_version=&#8221;4.16&#8243; title_font=&#8221;Share Tech||||||||&#8221; background_color=&#8221;#f1f1f1&#8243; custom_margin=&#8221;||8px|&#8221; custom_padding=&#8221;16px||16px||true&#8221; border_width_all=&#8221;0px&#8221; global_colors_info=&#8221;{}&#8221;]<div class=\"lc-inline_block_cd64ad28746f73273d316824a310ac02-edit block block-layout-builder block-field-blocknodesolution-packagefield-subtitle\">\n<div class=\"clearfix text-formatted field field--name-field-subtitle field--type-text-long field--label-hidden field__item\">\n<p style=\"text-align: justify;\"><span>L&#8217;objectiu d&#8217;aquesta soluci\u00f3 \u00e9s proporcionar seguretat b\u00e0sica i avan\u00e7ada per als dispositius dels empleats.<\/span><\/p>\n<\/div>\n<\/div>\n<div class=\"lc-inline_block_7cef724adecd853060d694955712d755-edit block block-layout-builder block-field-blocknodesolution-packagebody\">\n<div class=\"clearfix text-formatted field field--name-body field--type-text-with-summary field--label-hidden field__item\">\n<h4 class=\"h2_title_underlined\" style=\"text-align: justify;\"><span>Funcionalitats i serveis<\/span><\/h4>\n<ul>\n<li class=\"paragraph\" style=\"text-align: justify;\">\n<p><span><strong>Antimalware:<\/strong> tindr\u00e0s a la teva disposici\u00f3 una eina que analitzi el dispositiu, la mem\u00f2ria interna i els dispositius d&#8217;emmagatzematge externs.<strong> <\/strong><\/span><\/p>\n<\/li>\n<li class=\"paragraph\" style=\"text-align: justify;\">\n<p><span><strong>Antispyware: <\/strong>disposar\u00e0s d&#8217;una eina que detecti i eviti el malware espia.<\/span><\/p>\n<\/li>\n<li class=\"paragraph\" style=\"text-align: justify;\">\n<p><span><strong>Correu segur: <\/strong>tindr\u00e0s eines d&#8217;an\u00e0lisi del correu electr\u00f2nic amb les caracter\u00edstiques seg\u00fcents:<\/span><\/p>\n<ul>\n<li class=\"paragraph\">\n<p><span><strong>Antispam, <\/strong>amb detecci\u00f3 i filtre de correu no desitjat.<\/span><\/p>\n<\/li>\n<li class=\"paragraph\">\n<p><span><strong>Antiphishing, <\/strong>amb detecci\u00f3 de correus amb enlla\u00e7os o codi malici\u00f3s que se sospita serveixin per robar credencials.<\/span><\/p>\n<\/li>\n<\/ul>\n<\/li>\n<li class=\"paragraph\" style=\"text-align: justify;\">\n<p><span><strong>Navegaci\u00f3n segura: <\/strong>tindr\u00e0s assegurat:<\/span><\/p>\n<ul>\n<li class=\"paragraph\">\n<p><span><strong>Control de contenidos<\/strong>.<\/span><\/p>\n<\/li>\n<li class=\"paragraph\">\n<p><span><strong>Antiadware <\/strong>per evitar anuncis maliciosos.<\/span><\/p>\n<\/li>\n<\/ul>\n<\/li>\n<li class=\"paragraph\" style=\"text-align: justify;\">\n<p><span><strong>An\u00e0lisis i detecci\u00f3 d&#8217;amenaces: <\/strong>ser\u00e0s capa\u00e7 de con\u00e8ixer el comportament de les amenaces conegudes i noves.<\/span><\/p>\n<\/li>\n<li style=\"text-align: justify;\">\n<p><span><strong>Motoritzaci\u00f3 de la xarxa: <\/strong>tindr\u00e0s eines que analitzen el tr\u00e0nsit de xarxa i t&#8217;alerten d&#8217;amenaces.<\/span><\/p>\n<\/li>\n<li style=\"text-align: justify;\">\n<p><span><strong>Configuraci\u00f3 inicial i actualitzacions de seguretat: <\/strong>disposar\u00e0s d&#8217;una configuraci\u00f3 inicial per al seu \u00fas correcte, amb les respectives actualitzacions de signatures de codi malici\u00f3s i altres dades per a detecci\u00f3 d&#8217;amenaces a m\u00e9s de les actualitzacions de programari de seguretat peri\u00f2diques requerides.<\/span><\/p>\n<\/li>\n<li>\n<p style=\"text-align: justify;\"><span><strong>Requisits especials de formaci\u00f3: <\/strong>disposar\u00e0s de formaci\u00f3 per a la configuraci\u00f3 del programari de seguretat, i tindr\u00e0s un kit de conscienciaci\u00f3 en ciberseguretat per complementar la soluci\u00f3 amb habilitats de firewall hum\u00e0.<\/span><\/p>\n<\/li>\n<\/ul>\n<\/div>\n<\/div>[\/et_pb_toggle][\/et_pb_column][\/et_pb_row][\/et_pb_section]","protected":false},"excerpt":{"rendered":"<p>El 29 de juliol passat es va publicar la segona convocat\u00f2ria per poder accedir al segment II del Kit Digital, per a empreses d&#8217;entre 3 i menys de 10 empleats, segons la mitjana anual declarada el 2021. A partir del 2 de setembre, a les 11 hores, es podr\u00e0 sol\u00b7licitar el bo digital, al seg\u00fcent [&hellip;]<\/p>\n","protected":false},"author":2,"featured_media":0,"comment_status":"open","ping_status":"open","sticky":false,"template":"","format":"standard","meta":{"_et_pb_use_builder":"on","_et_pb_old_content":"","_et_gb_content_width":"","_jetpack_memberships_contains_paid_content":false,"footnotes":""},"categories":[6],"tags":[32,31,33],"class_list":["post-506","post","type-post","status-publish","format-standard","hentry","category-noticies","tag-convocatoria-ca","tag-kit-digital-ca","tag-segment-ii"],"jetpack_featured_media_url":"","jetpack_sharing_enabled":true,"_links":{"self":[{"href":"https:\/\/kitdigital.btactic.com\/ca\/wp-json\/wp\/v2\/posts\/506","targetHints":{"allow":["GET"]}}],"collection":[{"href":"https:\/\/kitdigital.btactic.com\/ca\/wp-json\/wp\/v2\/posts"}],"about":[{"href":"https:\/\/kitdigital.btactic.com\/ca\/wp-json\/wp\/v2\/types\/post"}],"author":[{"embeddable":true,"href":"https:\/\/kitdigital.btactic.com\/ca\/wp-json\/wp\/v2\/users\/2"}],"replies":[{"embeddable":true,"href":"https:\/\/kitdigital.btactic.com\/ca\/wp-json\/wp\/v2\/comments?post=506"}],"version-history":[{"count":9,"href":"https:\/\/kitdigital.btactic.com\/ca\/wp-json\/wp\/v2\/posts\/506\/revisions"}],"predecessor-version":[{"id":553,"href":"https:\/\/kitdigital.btactic.com\/ca\/wp-json\/wp\/v2\/posts\/506\/revisions\/553"}],"wp:attachment":[{"href":"https:\/\/kitdigital.btactic.com\/ca\/wp-json\/wp\/v2\/media?parent=506"}],"wp:term":[{"taxonomy":"category","embeddable":true,"href":"https:\/\/kitdigital.btactic.com\/ca\/wp-json\/wp\/v2\/categories?post=506"},{"taxonomy":"post_tag","embeddable":true,"href":"https:\/\/kitdigital.btactic.com\/ca\/wp-json\/wp\/v2\/tags?post=506"}],"curies":[{"name":"wp","href":"https:\/\/api.w.org\/{rel}","templated":true}]}}